{"id":394,"date":"2015-04-16T22:53:47","date_gmt":"2015-04-16T20:53:47","guid":{"rendered":"http:\/\/reise.michaelkofler.com\/?p=394"},"modified":"2015-04-24T15:42:17","modified_gmt":"2015-04-24T13:42:17","slug":"krka","status":"publish","type":"post","link":"https:\/\/reise.michaelkofler.at\/?p=394","title":{"rendered":"Nationalpark Krka"},"content":{"rendered":"<p>Gestern und heute waren wir im Nationalpark Krka. Gestern wollten wir uns eigentlich ein Klettergebiet anschauen, sind dann aber auf der Ruine <a title=\"Kljucica\" href=\"http:\/\/www.sibenikregion.com\/de\/kulturebe\/forts-und-festungen\/festung-kljucica\">Kljucica<\/a> gelandet. Heute haben wir gem\u00fctlich mit den Pensionisten die Wasserf\u00e4lle besucht.<\/p>\n<p><strong>Wanderung zur Ruine Kljucica<\/strong><\/p>\n\n<p><strong>Wasserf\u00e4lle im Nationalpark Krka<\/strong><\/p>\n\n","protected":false},"excerpt":{"rendered":"<p>Gestern und heute waren wir im Nationalpark Krka. Gestern wollten wir uns eigentlich ein Klettergebiet anschauen, sind dann aber auf der Ruine Kljucica gelandet. Heute haben wir gem\u00fctlich mit den Pensionisten die Wasserf\u00e4lle besucht. Wanderung zur Ruine Kljucica Wasserf\u00e4lle im&hellip; <\/p>\n","protected":false},"author":1,"featured_media":1427,"comment_status":"open","ping_status":"open","sticky":false,"template":"","format":"standard","meta":{"ngg_post_thumbnail":0,"jetpack_post_was_ever_published":false,"_jetpack_newsletter_access":"","_jetpack_dont_email_post_to_subs":false,"_jetpack_newsletter_tier_id":0,"_jetpack_memberships_contains_paywalled_content":false,"_jetpack_memberships_contains_paid_content":false,"footnotes":""},"categories":[34],"tags":[46,44,45,41],"class_list":["post-394","post","type-post","status-publish","format-standard","has-post-thumbnail","hentry","category-kroatien","tag-kljucica","tag-nationalpark-krka","tag-ruine","tag-wandern"],"jetpack_featured_media_url":"https:\/\/i0.wp.com\/reise.michaelkofler.at\/wp-content\/uploads\/2016\/04\/20150415-f2328512.jpg?fit=1280%2C853&ssl=1","jetpack_sharing_enabled":true,"jetpack_shortlink":"https:\/\/wp.me\/s5F5GF-krka","_links":{"self":[{"href":"https:\/\/reise.michaelkofler.at\/index.php?rest_route=\/wp\/v2\/posts\/394","targetHints":{"allow":["GET"]}}],"collection":[{"href":"https:\/\/reise.michaelkofler.at\/index.php?rest_route=\/wp\/v2\/posts"}],"about":[{"href":"https:\/\/reise.michaelkofler.at\/index.php?rest_route=\/wp\/v2\/types\/post"}],"author":[{"embeddable":true,"href":"https:\/\/reise.michaelkofler.at\/index.php?rest_route=\/wp\/v2\/users\/1"}],"replies":[{"embeddable":true,"href":"https:\/\/reise.michaelkofler.at\/index.php?rest_route=%2Fwp%2Fv2%2Fcomments&post=394"}],"version-history":[{"count":11,"href":"https:\/\/reise.michaelkofler.at\/index.php?rest_route=\/wp\/v2\/posts\/394\/revisions"}],"predecessor-version":[{"id":1120,"href":"https:\/\/reise.michaelkofler.at\/index.php?rest_route=\/wp\/v2\/posts\/394\/revisions\/1120"}],"wp:featuredmedia":[{"embeddable":true,"href":"https:\/\/reise.michaelkofler.at\/index.php?rest_route=\/wp\/v2\/media\/1427"}],"wp:attachment":[{"href":"https:\/\/reise.michaelkofler.at\/index.php?rest_route=%2Fwp%2Fv2%2Fmedia&parent=394"}],"wp:term":[{"taxonomy":"category","embeddable":true,"href":"https:\/\/reise.michaelkofler.at\/index.php?rest_route=%2Fwp%2Fv2%2Fcategories&post=394"},{"taxonomy":"post_tag","embeddable":true,"href":"https:\/\/reise.michaelkofler.at\/index.php?rest_route=%2Fwp%2Fv2%2Ftags&post=394"}],"curies":[{"name":"wp","href":"https:\/\/api.w.org\/{rel}","templated":true}]}}