{"id":283,"date":"2015-04-13T20:02:33","date_gmt":"2015-04-13T20:02:33","guid":{"rendered":"http:\/\/reise.michaelkofler.com\/?p=283"},"modified":"2015-04-16T23:07:03","modified_gmt":"2015-04-16T21:07:03","slug":"paklenica","status":"publish","type":"post","link":"https:\/\/reise.michaelkofler.at\/?p=283","title":{"rendered":"Nationalpark Paklenica"},"content":{"rendered":"<p>Mal schauen was das gr\u00f6\u00dfte Klettergebiet in Kroatien (au\u00dfer Deutschen und \u00d6sis) zu bieten hat. Die n\u00e4chsten drei Tage verbringen wir hier mit Klettern und Wandern.<\/p>\n\n","protected":false},"excerpt":{"rendered":"<p>Mal schauen was das gr\u00f6\u00dfte Klettergebiet in Kroatien (au\u00dfer Deutschen und \u00d6sis) zu bieten hat. Die n\u00e4chsten drei Tage verbringen wir hier mit Klettern und Wandern.<\/p>\n","protected":false},"author":1,"featured_media":1430,"comment_status":"open","ping_status":"open","sticky":false,"template":"","format":"standard","meta":{"ngg_post_thumbnail":0,"jetpack_post_was_ever_published":false,"_jetpack_newsletter_access":"","_jetpack_dont_email_post_to_subs":false,"_jetpack_newsletter_tier_id":0,"_jetpack_memberships_contains_paywalled_content":false,"_jetpack_memberships_contains_paid_content":false,"footnotes":""},"categories":[34],"tags":[42,8,36,40,39,41],"class_list":["post-283","post","type-post","status-publish","format-standard","has-post-thumbnail","hentry","category-kroatien","tag-klettergebiet","tag-klettern","tag-kroatien","tag-nationalpark","tag-paklenica","tag-wandern"],"jetpack_featured_media_url":"https:\/\/i0.wp.com\/reise.michaelkofler.at\/wp-content\/uploads\/2016\/04\/20150412-041207162.jpg?fit=1280%2C853&ssl=1","jetpack_sharing_enabled":true,"jetpack_shortlink":"https:\/\/wp.me\/p5F5GF-4z","_links":{"self":[{"href":"https:\/\/reise.michaelkofler.at\/index.php?rest_route=\/wp\/v2\/posts\/283","targetHints":{"allow":["GET"]}}],"collection":[{"href":"https:\/\/reise.michaelkofler.at\/index.php?rest_route=\/wp\/v2\/posts"}],"about":[{"href":"https:\/\/reise.michaelkofler.at\/index.php?rest_route=\/wp\/v2\/types\/post"}],"author":[{"embeddable":true,"href":"https:\/\/reise.michaelkofler.at\/index.php?rest_route=\/wp\/v2\/users\/1"}],"replies":[{"embeddable":true,"href":"https:\/\/reise.michaelkofler.at\/index.php?rest_route=%2Fwp%2Fv2%2Fcomments&post=283"}],"version-history":[{"count":15,"href":"https:\/\/reise.michaelkofler.at\/index.php?rest_route=\/wp\/v2\/posts\/283\/revisions"}],"predecessor-version":[{"id":422,"href":"https:\/\/reise.michaelkofler.at\/index.php?rest_route=\/wp\/v2\/posts\/283\/revisions\/422"}],"wp:featuredmedia":[{"embeddable":true,"href":"https:\/\/reise.michaelkofler.at\/index.php?rest_route=\/wp\/v2\/media\/1430"}],"wp:attachment":[{"href":"https:\/\/reise.michaelkofler.at\/index.php?rest_route=%2Fwp%2Fv2%2Fmedia&parent=283"}],"wp:term":[{"taxonomy":"category","embeddable":true,"href":"https:\/\/reise.michaelkofler.at\/index.php?rest_route=%2Fwp%2Fv2%2Fcategories&post=283"},{"taxonomy":"post_tag","embeddable":true,"href":"https:\/\/reise.michaelkofler.at\/index.php?rest_route=%2Fwp%2Fv2%2Ftags&post=283"}],"curies":[{"name":"wp","href":"https:\/\/api.w.org\/{rel}","templated":true}]}}