{"id":1245,"date":"2015-04-25T16:02:06","date_gmt":"2015-04-25T14:02:06","guid":{"rendered":"http:\/\/reise.michaelkofler.com\/?p=1245"},"modified":"2018-02-04T01:48:51","modified_gmt":"2018-02-04T00:48:51","slug":"konjic-jablanica","status":"publish","type":"post","link":"https:\/\/reise.michaelkofler.at\/?p=1245","title":{"rendered":"Konjic &#038; Jablanica"},"content":{"rendered":"<p>Nach einem verregneten Tag am Jablanica See wollten wir schon unseren Plan \u00e4ndern, hier wandern zu gehen. Aber zum Gl\u00fcck haben wir das nicht getan. Wir haben uns ein Hotelzimmer genommen (nein, das ist nicht die Hochzeitssuite!), und endlich einmal wieder in einem richtigen Doppelbett geschlafen&#8230;Ein Traum.<\/p>\n<p>Allerdings mussten wir am n\u00e4chsten Morgen schon wieder um 6h aufstehen, um unsere gef\u00fchrte Wanderung auf den Berg Cvrsnica. Leider konnten wir nicht bis zum Gipfel steigen, da wir nicht auf Schnee eingestellt waren. Es war eine tolle Tour, auf der uns dann noch eine lustige Gruppe von befreundeten Wanderern unseres Guides begegnete. Wir sind dann alle gemeinsam abgestiegen, und &#8211; wie es auch in Bosnien-Herzegowina so ist &#8211; sind wir danach noch ins n\u00e4chste Konoba auf ein paar Bier.<\/p>\n<p>Super Tag mit super Leuten!<\/p>\n<p>Wir haben dann auch am Fu\u00df des Bergs \u00fcbernachtet. Und hatten am n\u00e4chsten Morgen sogar einen Wachhund an unserer Seite, der samt Kette irgendwo abgehauen ist.<\/p>\n<div class=\"ngg-pro-mosaic-container\" data-ngg-pro-mosaic-id=\"9874eeeafa4a2909fafe4e1eb3fa505a\"><\/div>\n\n","protected":false},"excerpt":{"rendered":"<p>Nach einem verregneten Tag am Jablanica See wollten wir schon unseren Plan \u00e4ndern, hier wandern zu gehen. Aber zum Gl\u00fcck haben wir das nicht getan. Wir haben uns ein Hotelzimmer genommen (nein, das ist nicht die Hochzeitssuite!), und endlich einmal&hellip; <\/p>\n","protected":false},"author":2,"featured_media":1414,"comment_status":"open","ping_status":"open","sticky":false,"template":"","format":"standard","meta":{"ngg_post_thumbnail":0,"jetpack_post_was_ever_published":false,"_jetpack_newsletter_access":"","_jetpack_dont_email_post_to_subs":false,"_jetpack_newsletter_tier_id":0,"_jetpack_memberships_contains_paywalled_content":false,"_jetpack_memberships_contains_paid_content":false,"footnotes":""},"categories":[49],"tags":[50,51,55,54,41],"class_list":["post-1245","post","type-post","status-publish","format-standard","has-post-thumbnail","hentry","category-bosnien-herzegowina","tag-bosnien","tag-herzegowina","tag-jablanica","tag-konjic","tag-wandern"],"jetpack_featured_media_url":"https:\/\/i0.wp.com\/reise.michaelkofler.at\/wp-content\/uploads\/2016\/01\/tmp_29916-IMG_20160120_183409-776942451.jpg?fit=2048%2C1365&ssl=1","jetpack_sharing_enabled":true,"jetpack_shortlink":"https:\/\/wp.me\/p5F5GF-k5","_links":{"self":[{"href":"https:\/\/reise.michaelkofler.at\/index.php?rest_route=\/wp\/v2\/posts\/1245","targetHints":{"allow":["GET"]}}],"collection":[{"href":"https:\/\/reise.michaelkofler.at\/index.php?rest_route=\/wp\/v2\/posts"}],"about":[{"href":"https:\/\/reise.michaelkofler.at\/index.php?rest_route=\/wp\/v2\/types\/post"}],"author":[{"embeddable":true,"href":"https:\/\/reise.michaelkofler.at\/index.php?rest_route=\/wp\/v2\/users\/2"}],"replies":[{"embeddable":true,"href":"https:\/\/reise.michaelkofler.at\/index.php?rest_route=%2Fwp%2Fv2%2Fcomments&post=1245"}],"version-history":[{"count":10,"href":"https:\/\/reise.michaelkofler.at\/index.php?rest_route=\/wp\/v2\/posts\/1245\/revisions"}],"predecessor-version":[{"id":2016,"href":"https:\/\/reise.michaelkofler.at\/index.php?rest_route=\/wp\/v2\/posts\/1245\/revisions\/2016"}],"wp:featuredmedia":[{"embeddable":true,"href":"https:\/\/reise.michaelkofler.at\/index.php?rest_route=\/wp\/v2\/media\/1414"}],"wp:attachment":[{"href":"https:\/\/reise.michaelkofler.at\/index.php?rest_route=%2Fwp%2Fv2%2Fmedia&parent=1245"}],"wp:term":[{"taxonomy":"category","embeddable":true,"href":"https:\/\/reise.michaelkofler.at\/index.php?rest_route=%2Fwp%2Fv2%2Fcategories&post=1245"},{"taxonomy":"post_tag","embeddable":true,"href":"https:\/\/reise.michaelkofler.at\/index.php?rest_route=%2Fwp%2Fv2%2Ftags&post=1245"}],"curies":[{"name":"wp","href":"https:\/\/api.w.org\/{rel}","templated":true}]}}